{"id":10412,"date":"2021-09-22T21:48:46","date_gmt":"2021-09-22T19:48:46","guid":{"rendered":"https:\/\/mertus-consulting.com\/?p=10412"},"modified":"2021-09-22T21:48:46","modified_gmt":"2021-09-22T19:48:46","slug":"mertus-quadriell-zur-bundestagswahl-2021","status":"publish","type":"post","link":"https:\/\/mertus-consulting.com\/en\/2021\/09\/22\/mertus-quadriell-zur-bundestagswahl-2021\/","title":{"rendered":"Mertus &#8220;Quadriell&#8221; zur Bundestagswahl 2021"},"content":{"rendered":"<p>Am 26.09.2021 steht die <strong>Bundestagswahl 2021<\/strong> an. In den Medien wird flei\u00dfig diskutiert, wer bei dieser Wahl die Nase vorn haben k\u00f6nnte und viele W\u00e4hlerinnen und W\u00e4hler denken vielleicht gerade in diesem Jahr, dass die Entscheidung ihnen schwer f\u00e4llt. Wir bei <a href=\"https:\/\/mertus-consulting.com\"><strong>Mertus<\/strong> <\/a>sind davon \u00fcberzeugt, dass die Entscheidung auf Grundlage von <strong>Inhalten<\/strong> getroffen werden sollte. F\u00fcr das Mertus Netzwerk von Freiberufler:innen und Freelancer:innen haben wir uns deshalb etwas \u00fcberlegt:<\/p>\n<p><strong>Wir haben Parteivertreter:innen 3 Fragen gestellt, die nach unserer Auffassung f\u00fcr unser Netzwerk von besonderer beruflicher Relevanz sind:<\/strong><\/p>\n<ol>\n<li><strong>Inwieweit setzt Ihre Partei sich in puncto Digitalisierung ein?<\/strong><\/li>\n<li><strong>Wie steht Ihre Partei zu AN\u00dc (Arbeitnehmer\u00fcberlassung)?<\/strong><\/li>\n<li><strong>Was tut Ihre Partei f\u00fcr Selbst\u00e4ndige und Freiberufler?<\/strong><\/li>\n<\/ol>\n<p>Vertreter:innen von <strong>4 Parteien<\/strong> haben auf unsere Anfragen geantwortet. Das Ergebnis des <strong>Mertus &#8220;Quadriells&#8221;<\/strong> ver\u00f6ffentlichen wir \u00fcber die <strong><a href=\"https:\/\/www.linkedin.com\/company\/mertus\">Mertus LinkedIn Unternehmensseite<\/a><\/strong>. Sie k\u00f6nnen sich freuen auf Antworten von Dr. Christoph Plo\u00df (CDU), Aydan \u00d6zoguz (SPD), Katharina Beck (B\u00dcNDNIS 90\/DIE GR\u00dcNEN) und Michael Kruse (FDP).<\/p>\n<p>Viel Spa\u00df beim Lesen!<\/p>\n<p>&nbsp;<\/p>\n","protected":false},"excerpt":{"rendered":"<p>Am 26.09.2021 steht die Bundestagswahl 2021 an. In den Medien wird flei\u00dfig diskutiert, wer bei dieser Wahl die Nase vorn haben k\u00f6nnte und viele W\u00e4hlerinnen und W\u00e4hler denken vielleicht gerade in diesem Jahr, dass die Entscheidung ihnen schwer f\u00e4llt. Wir bei Mertus sind davon \u00fcberzeugt, dass die Entscheidung auf Grundlage von Inhalten getroffen werden sollte. [&hellip;]<\/p>\n","protected":false},"author":1,"featured_media":10413,"comment_status":"open","ping_status":"open","sticky":false,"template":"","format":"standard","meta":{"footnotes":""},"categories":[531],"tags":[],"class_list":["post-10412","post","type-post","status-publish","format-standard","has-post-thumbnail","hentry","category-uncategorized"],"yoast_head":"<!-- This site is optimized with the Yoast SEO plugin v27.4 - https:\/\/yoast.com\/product\/yoast-seo-wordpress\/ -->\n<title>Mertus &quot;Quadriell&quot; zur Bundestagswahl 2021 - Mertus<\/title>\n<meta name=\"description\" content=\"Das Mertus &quot;Quadriell&quot; zur Bundestagswahl 2021. Vier Parteivertreter:innen haben drei Fragen von Mertus beantwortet. Inhalte z\u00e4hlen!\" \/>\n<meta name=\"robots\" content=\"index, follow, max-snippet:-1, max-image-preview:large, max-video-preview:-1\" \/>\n<link rel=\"canonical\" href=\"https:\/\/mertus-consulting.com\/en\/2021\/09\/22\/mertus-quadriell-zur-bundestagswahl-2021\/\" \/>\n<meta property=\"og:locale\" content=\"en_US\" \/>\n<meta property=\"og:type\" content=\"article\" \/>\n<meta property=\"og:title\" content=\"Mertus &quot;Quadriell&quot; zur Bundestagswahl 2021 - Mertus\" \/>\n<meta property=\"og:description\" content=\"Das Mertus &quot;Quadriell&quot; zur Bundestagswahl 2021. Vier Parteivertreter:innen haben drei Fragen von Mertus beantwortet. Inhalte z\u00e4hlen!\" \/>\n<meta property=\"og:url\" content=\"https:\/\/mertus-consulting.com\/en\/2021\/09\/22\/mertus-quadriell-zur-bundestagswahl-2021\/\" \/>\n<meta property=\"og:site_name\" content=\"Mertus\" \/>\n<meta property=\"article:published_time\" content=\"2021-09-22T19:48:46+00:00\" \/>\n<meta property=\"og:image\" content=\"https:\/\/mertus-consulting.com\/wp-content\/uploads\/2021\/09\/federal-election-6580141_1920.jpg\" \/>\n\t<meta property=\"og:image:width\" content=\"1920\" \/>\n\t<meta property=\"og:image:height\" content=\"1137\" \/>\n\t<meta property=\"og:image:type\" content=\"image\/jpeg\" \/>\n<meta name=\"author\" content=\"sbadminmt\" \/>\n<meta name=\"twitter:card\" content=\"summary_large_image\" \/>\n<meta name=\"twitter:label1\" content=\"Written by\" \/>\n\t<meta name=\"twitter:data1\" content=\"sbadminmt\" \/>\n\t<meta name=\"twitter:label2\" content=\"Est. reading time\" \/>\n\t<meta name=\"twitter:data2\" content=\"1 minute\" \/>\n<!-- \/ Yoast SEO plugin. -->","yoast_head_json":{"title":"Mertus \"Quadriell\" zur Bundestagswahl 2021 - Mertus","description":"Das Mertus \"Quadriell\" zur Bundestagswahl 2021. Vier Parteivertreter:innen haben drei Fragen von Mertus beantwortet. Inhalte z\u00e4hlen!","robots":{"index":"index","follow":"follow","max-snippet":"max-snippet:-1","max-image-preview":"max-image-preview:large","max-video-preview":"max-video-preview:-1"},"canonical":"https:\/\/mertus-consulting.com\/en\/2021\/09\/22\/mertus-quadriell-zur-bundestagswahl-2021\/","og_locale":"en_US","og_type":"article","og_title":"Mertus \"Quadriell\" zur Bundestagswahl 2021 - Mertus","og_description":"Das Mertus \"Quadriell\" zur Bundestagswahl 2021. Vier Parteivertreter:innen haben drei Fragen von Mertus beantwortet. Inhalte z\u00e4hlen!","og_url":"https:\/\/mertus-consulting.com\/en\/2021\/09\/22\/mertus-quadriell-zur-bundestagswahl-2021\/","og_site_name":"Mertus","article_published_time":"2021-09-22T19:48:46+00:00","og_image":[{"width":1920,"height":1137,"url":"https:\/\/mertus-consulting.com\/wp-content\/uploads\/2021\/09\/federal-election-6580141_1920.jpg","type":"image\/jpeg"}],"author":"sbadminmt","twitter_card":"summary_large_image","twitter_misc":{"Written by":"sbadminmt","Est. reading time":"1 minute"},"schema":{"@context":"https:\/\/schema.org","@graph":[{"@type":"Article","@id":"https:\/\/mertus-consulting.com\/en\/2021\/09\/22\/mertus-quadriell-zur-bundestagswahl-2021\/#article","isPartOf":{"@id":"https:\/\/mertus-consulting.com\/en\/2021\/09\/22\/mertus-quadriell-zur-bundestagswahl-2021\/"},"author":{"name":"sbadminmt","@id":"https:\/\/mertus-consulting.com\/en\/#\/schema\/person\/e9cb8dff79027ac2ee6810b906a1c9bc"},"headline":"Mertus &#8220;Quadriell&#8221; zur Bundestagswahl 2021","datePublished":"2021-09-22T19:48:46+00:00","mainEntityOfPage":{"@id":"https:\/\/mertus-consulting.com\/en\/2021\/09\/22\/mertus-quadriell-zur-bundestagswahl-2021\/"},"wordCount":178,"commentCount":1,"publisher":{"@id":"https:\/\/mertus-consulting.com\/en\/#organization"},"image":{"@id":"https:\/\/mertus-consulting.com\/en\/2021\/09\/22\/mertus-quadriell-zur-bundestagswahl-2021\/#primaryimage"},"thumbnailUrl":"https:\/\/mertus-consulting.com\/wp-content\/uploads\/2021\/09\/federal-election-6580141_1920.jpg","inLanguage":"en-US","potentialAction":[{"@type":"CommentAction","name":"Comment","target":["https:\/\/mertus-consulting.com\/en\/2021\/09\/22\/mertus-quadriell-zur-bundestagswahl-2021\/#respond"]}]},{"@type":"WebPage","@id":"https:\/\/mertus-consulting.com\/en\/2021\/09\/22\/mertus-quadriell-zur-bundestagswahl-2021\/","url":"https:\/\/mertus-consulting.com\/en\/2021\/09\/22\/mertus-quadriell-zur-bundestagswahl-2021\/","name":"Mertus \"Quadriell\" zur Bundestagswahl 2021 - Mertus","isPartOf":{"@id":"https:\/\/mertus-consulting.com\/en\/#website"},"primaryImageOfPage":{"@id":"https:\/\/mertus-consulting.com\/en\/2021\/09\/22\/mertus-quadriell-zur-bundestagswahl-2021\/#primaryimage"},"image":{"@id":"https:\/\/mertus-consulting.com\/en\/2021\/09\/22\/mertus-quadriell-zur-bundestagswahl-2021\/#primaryimage"},"thumbnailUrl":"https:\/\/mertus-consulting.com\/wp-content\/uploads\/2021\/09\/federal-election-6580141_1920.jpg","datePublished":"2021-09-22T19:48:46+00:00","description":"Das Mertus \"Quadriell\" zur Bundestagswahl 2021. Vier Parteivertreter:innen haben drei Fragen von Mertus beantwortet. Inhalte z\u00e4hlen!","breadcrumb":{"@id":"https:\/\/mertus-consulting.com\/en\/2021\/09\/22\/mertus-quadriell-zur-bundestagswahl-2021\/#breadcrumb"},"inLanguage":"en-US","potentialAction":[{"@type":"ReadAction","target":["https:\/\/mertus-consulting.com\/en\/2021\/09\/22\/mertus-quadriell-zur-bundestagswahl-2021\/"]}]},{"@type":"ImageObject","inLanguage":"en-US","@id":"https:\/\/mertus-consulting.com\/en\/2021\/09\/22\/mertus-quadriell-zur-bundestagswahl-2021\/#primaryimage","url":"https:\/\/mertus-consulting.com\/wp-content\/uploads\/2021\/09\/federal-election-6580141_1920.jpg","contentUrl":"https:\/\/mertus-consulting.com\/wp-content\/uploads\/2021\/09\/federal-election-6580141_1920.jpg","width":1920,"height":1137},{"@type":"BreadcrumbList","@id":"https:\/\/mertus-consulting.com\/en\/2021\/09\/22\/mertus-quadriell-zur-bundestagswahl-2021\/#breadcrumb","itemListElement":[{"@type":"ListItem","position":1,"name":"Startseite","item":"https:\/\/mertus-consulting.com\/en\/"},{"@type":"ListItem","position":2,"name":"Mertus &#8220;Quadriell&#8221; zur Bundestagswahl 2021"}]},{"@type":"WebSite","@id":"https:\/\/mertus-consulting.com\/en\/#website","url":"https:\/\/mertus-consulting.com\/en\/","name":"Mertus","description":"IT Experts on Point.","publisher":{"@id":"https:\/\/mertus-consulting.com\/en\/#organization"},"potentialAction":[{"@type":"SearchAction","target":{"@type":"EntryPoint","urlTemplate":"https:\/\/mertus-consulting.com\/en\/?s={search_term_string}"},"query-input":{"@type":"PropertyValueSpecification","valueRequired":true,"valueName":"search_term_string"}}],"inLanguage":"en-US"},{"@type":"Organization","@id":"https:\/\/mertus-consulting.com\/en\/#organization","name":"Mertus Consulting UG (haftungsbeschr\u00e4nkt)","url":"https:\/\/mertus-consulting.com\/en\/","logo":{"@type":"ImageObject","inLanguage":"en-US","@id":"https:\/\/mertus-consulting.com\/en\/#\/schema\/logo\/image\/","url":"https:\/\/mertus-consulting.com\/wp-content\/uploads\/2021\/08\/ms-icon-310x310-1.png","contentUrl":"https:\/\/mertus-consulting.com\/wp-content\/uploads\/2021\/08\/ms-icon-310x310-1.png","width":310,"height":310,"caption":"Mertus Consulting UG (haftungsbeschr\u00e4nkt)"},"image":{"@id":"https:\/\/mertus-consulting.com\/en\/#\/schema\/logo\/image\/"},"sameAs":["https:\/\/www.linkedin.com\/company\/mertus"]},{"@type":"Person","@id":"https:\/\/mertus-consulting.com\/en\/#\/schema\/person\/e9cb8dff79027ac2ee6810b906a1c9bc","name":"sbadminmt","image":{"@type":"ImageObject","inLanguage":"en-US","@id":"https:\/\/secure.gravatar.com\/avatar\/848293204d6ddb160eca1918610d2c629cb6bb94181349714db7c38316c675dd?s=96&d=mm&r=g","url":"https:\/\/secure.gravatar.com\/avatar\/848293204d6ddb160eca1918610d2c629cb6bb94181349714db7c38316c675dd?s=96&d=mm&r=g","contentUrl":"https:\/\/secure.gravatar.com\/avatar\/848293204d6ddb160eca1918610d2c629cb6bb94181349714db7c38316c675dd?s=96&d=mm&r=g","caption":"sbadminmt"},"sameAs":["http:\/\/skillbition.com"]}]}},"_links":{"self":[{"href":"https:\/\/mertus-consulting.com\/en\/wp-json\/wp\/v2\/posts\/10412","targetHints":{"allow":["GET"]}}],"collection":[{"href":"https:\/\/mertus-consulting.com\/en\/wp-json\/wp\/v2\/posts"}],"about":[{"href":"https:\/\/mertus-consulting.com\/en\/wp-json\/wp\/v2\/types\/post"}],"author":[{"embeddable":true,"href":"https:\/\/mertus-consulting.com\/en\/wp-json\/wp\/v2\/users\/1"}],"replies":[{"embeddable":true,"href":"https:\/\/mertus-consulting.com\/en\/wp-json\/wp\/v2\/comments?post=10412"}],"version-history":[{"count":1,"href":"https:\/\/mertus-consulting.com\/en\/wp-json\/wp\/v2\/posts\/10412\/revisions"}],"predecessor-version":[{"id":10415,"href":"https:\/\/mertus-consulting.com\/en\/wp-json\/wp\/v2\/posts\/10412\/revisions\/10415"}],"wp:featuredmedia":[{"embeddable":true,"href":"https:\/\/mertus-consulting.com\/en\/wp-json\/wp\/v2\/media\/10413"}],"wp:attachment":[{"href":"https:\/\/mertus-consulting.com\/en\/wp-json\/wp\/v2\/media?parent=10412"}],"wp:term":[{"taxonomy":"category","embeddable":true,"href":"https:\/\/mertus-consulting.com\/en\/wp-json\/wp\/v2\/categories?post=10412"},{"taxonomy":"post_tag","embeddable":true,"href":"https:\/\/mertus-consulting.com\/en\/wp-json\/wp\/v2\/tags?post=10412"}],"curies":[{"name":"wp","href":"https:\/\/api.w.org\/{rel}","templated":true}]}}